{"id":2369,"date":"2024-01-29T12:15:24","date_gmt":"2024-01-29T11:15:24","guid":{"rendered":"https:\/\/ecima.com\/2024\/01\/29\/cima-et-sous-sa-marque-eco-cima-obtient-le-certificat-step\/"},"modified":"2024-01-29T12:15:26","modified_gmt":"2024-01-29T11:15:26","slug":"cima-et-sous-sa-marque-eco-cima-obtient-le-certificat-step","status":"publish","type":"post","link":"https:\/\/ecima.com\/fr\/2024\/01\/29\/cima-et-sous-sa-marque-eco-cima-obtient-le-certificat-step\/","title":{"rendered":"Cima, et sous sa marque Eco Cima, obtient le certificat STeP"},"content":{"rendered":"<p>[et_pb_section fb_built=\u00a0\u00bb1&Prime; admin_label=\u00a0\u00bb Get a Quote\u00a0\u00bb _builder_version=\u00a0\u00bb4.9.4&Prime; custom_margin=\u00a0\u00bb||-12px|||\u00a0\u00bb custom_padding=\u00a0\u00bb0px|||||\u00a0\u00bb animation_style=\u00a0\u00bbflip\u00a0\u00bb animation_direction=\u00a0\u00bbtop\u00a0\u00bb box_shadow_style=\u00a0\u00bbpreset3&Prime; box_shadow_vertical=\u00a0\u00bb80px\u00a0\u00bb box_shadow_blur=\u00a0\u00bb76px\u00a0\u00bb box_shadow_spread=\u00a0\u00bb-35px\u00a0\u00bb box_shadow_color=\u00a0\u00bbrgba(0,0,0,0.12)\u00a0\u00bb global_colors_info=\u00a0\u00bb{}\u00a0\u00bb][et_pb_row _builder_version=\u00a0\u00bb3.25&Prime; global_colors_info=\u00a0\u00bb{}\u00a0\u00bb][et_pb_column type=\u00a0\u00bb4_4&Prime; _builder_version=\u00a0\u00bb3.25&Prime; custom_padding=\u00a0\u00bb|||\u00a0\u00bb global_colors_info=\u00a0\u00bb{}\u00a0\u00bb custom_padding__hover=\u00a0\u00bb|||\u00a0\u00bb][et_pb_divider color=\u00a0\u00bb#ffb400&Prime; divider_position=\u00a0\u00bbcenter\u00a0\u00bb divider_weight=\u00a0\u00bb5px\u00a0\u00bb _builder_version=\u00a0\u00bb4.10.6&Prime; max_width=\u00a0\u00bb50px\u00a0\u00bb module_alignment=\u00a0\u00bbcenter\u00a0\u00bb locked=\u00a0\u00bboff\u00a0\u00bb global_colors_info=\u00a0\u00bb{}\u00a0\u00bb][\/et_pb_divider][et_pb_text _builder_version=\u00a0\u00bb4.14.7&Prime; text_font=\u00a0\u00bb||||||||\u00a0\u00bb header_font=\u00a0\u00bbRubik|700|||||||\u00a0\u00bb header_text_color=\u00a0\u00bb#2a2a2a\u00a0\u00bb header_font_size=\u00a0\u00bb64px\u00a0\u00bb header_line_height=\u00a0\u00bb1.1em\u00a0\u00bb text_orientation=\u00a0\u00bbcenter\u00a0\u00bb background_layout=\u00a0\u00bbdark\u00a0\u00bb max_width=\u00a0\u00bb800px\u00a0\u00bb module_alignment=\u00a0\u00bbcenter\u00a0\u00bb custom_margin=\u00a0\u00bb||0px|\u00a0\u00bb custom_padding=\u00a0\u00bb|||16px\u00a0\u00bb text_font_size_tablet=\u00a0\u00bb14px\u00a0\u00bb text_font_size_last_edited=\u00a0\u00bboff|desktop\u00a0\u00bb header_font_size_tablet=\u00a0\u00bb44px\u00a0\u00bb header_font_size_phone=\u00a0\u00bb32px\u00a0\u00bb header_font_size_last_edited=\u00a0\u00bbon|phone\u00a0\u00bb global_colors_info=\u00a0\u00bb{}\u00a0\u00bb]<\/p>\n<h1>Cima, sous votre marque<\/h1>\n<h1>&lsquo;Eco Cima&rsquo;, obtient le certificat STeP<\/h1>\n<p>[\/et_pb_text][et_pb_text _builder_version=\u00a0\u00bb4.14.7&Prime; text_font=\u00a0\u00bb||||||||\u00a0\u00bb header_font=\u00a0\u00bbRubik|700|||||||\u00a0\u00bb header_text_color=\u00a0\u00bb#2a2a2a\u00a0\u00bb header_font_size=\u00a0\u00bb64px\u00a0\u00bb header_line_height=\u00a0\u00bb1.1em\u00a0\u00bb header_2_font=\u00a0\u00bbRubik||||||||\u00a0\u00bb header_2_text_color=\u00a0\u00bbgcid-7358defc-d085-4c84-af50-d2a37d41a14a\u00a0\u00bb text_orientation=\u00a0\u00bbcenter\u00a0\u00bb background_layout=\u00a0\u00bbdark\u00a0\u00bb max_width=\u00a0\u00bb800px\u00a0\u00bb module_alignment=\u00a0\u00bbcenter\u00a0\u00bb custom_margin=\u00a0\u00bb||0px|\u00a0\u00bb custom_padding=\u00a0\u00bb|||16px\u00a0\u00bb text_font_size_tablet=\u00a0\u00bb14px\u00a0\u00bb text_font_size_last_edited=\u00a0\u00bboff|desktop\u00a0\u00bb header_font_size_tablet=\u00a0\u00bb44px\u00a0\u00bb header_font_size_phone=\u00a0\u00bb32px\u00a0\u00bb header_font_size_last_edited=\u00a0\u00bbon|phone\u00a0\u00bb global_colors_info=\u00a0\u00bb{%22gcid-7358defc-d085-4c84-af50-d2a37d41a14a%22:%91%22header_2_text_color%22%93}\u00a0\u00bb]<\/p>\n<h2><span style=\"font-weight: 400;\">Soutenir les valeurs de durabilit\u00e9 dans <\/span><\/h2>\n<h2><span style=\"font-weight: 400;\">production de tissus.<\/span><\/h2>\n<p>[\/et_pb_text][et_pb_text _builder_version=\u00a0\u00bb4.14.7&Prime; text_font=\u00a0\u00bb||||||||\u00a0\u00bb text_text_color=\u00a0\u00bb#383838&Prime; text_font_size=\u00a0\u00bb22px\u00a0\u00bb text_line_height=\u00a0\u00bb1.6em\u00a0\u00bb header_font=\u00a0\u00bb||||||||\u00a0\u00bb text_orientation=\u00a0\u00bbcenter\u00a0\u00bb background_layout=\u00a0\u00bbdark\u00a0\u00bb max_width=\u00a0\u00bb800px\u00a0\u00bb module_alignment=\u00a0\u00bbcenter\u00a0\u00bb custom_margin=\u00a0\u00bb|668px||||\u00a0\u00bb custom_padding=\u00a0\u00bb34px||34px||true|\u00a0\u00bb text_font_size_tablet=\u00a0\u00bb18px\u00a0\u00bb text_font_size_phone=\u00a0\u00bb\u00a0\u00bb text_font_size_last_edited=\u00a0\u00bbon|phone\u00a0\u00bb global_colors_info=\u00a0\u00bb{}\u00a0\u00bb]<\/p>\n<div><\/div>\n<div id=\"FRoRYc_7F-KGjLsPl--t-AM__13\">\n<div class=\"wDYxhc NFQFxe oHglmf xzPb7d\" data-md=\"32\">\n<div class=\"kno-mrg-si kno-mrg kno-swp\" id=\"media_result_group\" data-hveid=\"CBIQAQ\">\n<div class=\"kno-fiu kno-liu\">\n<div jsmodel=\"gpo5Gf\" data-count=\"1\" data-hveid=\"CAwQAA\">\n<div jsmodel=\"\" jscontroller=\"IkchZc\" jsaction=\"PdWSXe:h5M12e;rcuQ6b:npT2md\" jsdata=\"X2sNs;_;AQR8x4\">\n<div class=\"umyQi\" data-h=\"130\" data-nr=\"1\">\n<div style=\"text-align: justify;\">\n<p style=\"text-align: justify;\"><span style=\"font-weight: 400; font-size: medium;\">Chez E.Cima, nous avons toujours \u00e9t\u00e9 clairs sur le fait que la production de toute entreprise, quel que soit le secteur auquel elle appartient, doit r\u00e9pondre \u00e0 certains param\u00e8tres. Notre engagement envers les \u00ab bonnes pratiques \u00bb a conduit \u00e0 un haut niveau de conscience en <strong>mati\u00e8re de durabilit\u00e9 et d&rsquo;environnement.<\/strong> Ce qui nous a permis d&rsquo;obtenir le certificat STeP <span>d\u00e9livr\u00e9 par<\/span> <strong><a href=\"https:\/\/www.oeko-tex.com\/en\/apply-here\/step-by-oeko-tex\">l&rsquo;Association Internationale OEKO-TEX\u00ae.<\/a><\/strong><span><\/span> <\/span><\/p>\n<blockquote>\n<p style=\"text-align: justify;\"><strong><span style=\"font-size: medium;\">Responsabilit\u00e9 d&rsquo;entreprise<\/span><\/strong><\/p>\n<\/blockquote>\n<p style=\"text-align: justify;\"><span style=\"font-weight: 400; font-size: medium;\">La responsabilit\u00e9 d&rsquo;entreprise a \u00e9t\u00e9 un \u00e9l\u00e9ment cl\u00e9 pour obtenir cette distinction. L&rsquo;ensemble de <strong>notre entreprise travaille dans le respect des normes n\u00e9cessaires pour soutenir ces valeurs<\/strong> de durabilit\u00e9 et de protection de l&rsquo;environnement. Le certificat STeP (Sustainable Textile Production) est le r\u00e9sultat de tout ce travail qui se cache derri\u00e8re chacun de nos produits.<\/span><\/p>\n<p style=\"text-align: justify;\"><span style=\"font-weight: 400; font-size: medium;\"><\/span><\/p>\n<p>STeP : une valeur ajout\u00e9e et distinctive<\/p>\n<p><span style=\"font-size: medium;\">Lorsque nous parlons de STeP, nous ne pouvons ignorer qu\u2019il repr\u00e9sente une valeur ajout\u00e9e et une particularit\u00e9 pour les entreprises qui en disposent. Avoir un certificat de <strong>ces caract\u00e9ristiques accr\u00e9dite une production durable et transparente.<\/strong> En ce sens, tous nos produits sont soumis \u00e0 des processus d\u2019audit et de certification \u00e0 chacune de leurs \u00e9tapes.<\/span><\/p>\n<p style=\"text-align: justify;\">\n<\/div>\n<div id=\"FRoRYc_7F-KGjLsPl--t-AM__13\">\n<div class=\"wDYxhc NFQFxe oHglmf xzPb7d\" data-md=\"32\">\n<div class=\"kno-mrg-si kno-mrg kno-swp\" id=\"media_result_group\" data-hveid=\"CBIQAQ\">\n<div class=\"kno-fiu kno-liu\">\n<div jsmodel=\"gpo5Gf\" data-count=\"1\" data-hveid=\"CAwQAA\">\n<div jsmodel=\"\" jscontroller=\"IkchZc\" jsaction=\"PdWSXe:h5M12e;rcuQ6b:npT2md\" jsdata=\"X2sNs;_;AQR8x4\">\n<div class=\"umyQi\" data-h=\"130\" data-nr=\"1\">\n<div jsname=\"dTDiAc\" class=\"eA0Zlc PZPZlf ivg-i img-kc-m GMCzAd\" data-attrid=\"image\" data-docid=\"ugaTZVz1N4NDFM\" data-lpage=\"https:\/\/www.interfuerzas.com.ar\/que-necesito-polar-o-micropolar.html\" data-ni=\"1\" jsdata=\"XZxcdf;ugaTZVz1N4NDFM;AQR8x8\" data-ved=\"2ahUKEwiP2oOi86PyAhViA2MBHZd3Cz8Qzkx6BAgNEAA\"><\/div>\n<\/div>\n<\/div>\n<\/div>\n<\/div>\n<\/div>\n<\/div>\n<\/div>\n<div jsname=\"dTDiAc\" class=\"eA0Zlc PZPZlf ivg-i img-kc-m GMCzAd\" data-attrid=\"image\" data-docid=\"ugaTZVz1N4NDFM\" data-lpage=\"https:\/\/www.interfuerzas.com.ar\/que-necesito-polar-o-micropolar.html\" data-ni=\"1\" jsdata=\"XZxcdf;ugaTZVz1N4NDFM;AQR8x8\" data-ved=\"2ahUKEwiP2oOi86PyAhViA2MBHZd3Cz8Qzkx6BAgNEAA\"><span><\/span><\/div>\n<\/div>\n<\/div>\n<\/div>\n<\/div>\n<\/div>\n<\/div>\n<\/div>\n<p>[\/et_pb_text][\/et_pb_column][\/et_pb_row][et_pb_row column_structure=\u00a0\u00bb1_3,1_3,1_3&Prime; _builder_version=\u00a0\u00bb4.14.7&Prime; _module_preset=\u00a0\u00bbdefault\u00a0\u00bb width=\u00a0\u00bb77.7%\u00a0\u00bb global_colors_info=\u00a0\u00bb{}\u00a0\u00bb][et_pb_column type=\u00a0\u00bb1_3&Prime; _builder_version=\u00a0\u00bb4.14.7&Prime; _module_preset=\u00a0\u00bbdefault\u00a0\u00bb global_colors_info=\u00a0\u00bb{}\u00a0\u00bb][et_pb_blurb title=\u00a0\u00bbTransparence\u00a0\u00bb use_icon=\u00a0\u00bbon\u00a0\u00bb font_icon=\u00a0\u00bb&#x55;||divi||400&Prime; _builder_version=\u00a0\u00bb4.14.7&Prime; _module_preset=\u00a0\u00bbdefault\u00a0\u00bb text_orientation=\u00a0\u00bbcenter\u00a0\u00bb global_colors_info=\u00a0\u00bb{}\u00a0\u00bb][\/et_pb_blurb][\/et_pb_column][et_pb_column type=\u00a0\u00bb1_3&Prime; _builder_version=\u00a0\u00bb4.14.7&Prime; _module_preset=\u00a0\u00bbdefault\u00a0\u00bb global_colors_info=\u00a0\u00bb{}\u00a0\u00bb][et_pb_blurb title=\u00a0\u00bbDurabilit\u00e9\u00a0\u00bb use_icon=\u00a0\u00bbon\u00a0\u00bb font_icon=\u00a0\u00bb&#xf0ac;||fa||900&Prime; _builder_version=\u00a0\u00bb4.14.7&Prime; _module_preset=\u00a0\u00bbdefault\u00a0\u00bb text_orientation=\u00a0\u00bbcenter\u00a0\u00bb global_colors_info=\u00a0\u00bb{}\u00a0\u00bb][\/et_pb_blurb][\/et_pb_column][et_pb_column type=\u00a0\u00bb1_3&Prime; _builder_version=\u00a0\u00bb4.14.7&Prime; _module_preset=\u00a0\u00bbdefault\u00a0\u00bb global_colors_info=\u00a0\u00bb{}\u00a0\u00bb][et_pb_blurb title=\u00a0\u00bbS\u00e9curit\u00e9\u00a0\u00bb use_icon=\u00a0\u00bbon\u00a0\u00bb font_icon=\u00a0\u00bb&#x4e;||divi||400&Prime; _builder_version=\u00a0\u00bb4.14.7&Prime; _module_preset=\u00a0\u00bbdefault\u00a0\u00bb text_orientation=\u00a0\u00bbcenter\u00a0\u00bb global_colors_info=\u00a0\u00bb{}\u00a0\u00bb][\/et_pb_blurb][\/et_pb_column][\/et_pb_row][et_pb_row _builder_version=\u00a0\u00bb4.14.7&Prime; _module_preset=\u00a0\u00bbdefault\u00a0\u00bb min_height=\u00a0\u00bb318.9px\u00a0\u00bb global_colors_info=\u00a0\u00bb{}\u00a0\u00bb][et_pb_column type=\u00a0\u00bb4_4&Prime; _builder_version=\u00a0\u00bb4.14.7&Prime; _module_preset=\u00a0\u00bbdefault\u00a0\u00bb global_colors_info=\u00a0\u00bb{}\u00a0\u00bb][et_pb_text _builder_version=\u00a0\u00bb4.14.7&Prime; text_font=\u00a0\u00bb||||||||\u00a0\u00bb text_text_color=\u00a0\u00bb#383838&Prime; text_font_size=\u00a0\u00bb22px\u00a0\u00bb text_line_height=\u00a0\u00bb1.6em\u00a0\u00bb header_font=\u00a0\u00bb||||||||\u00a0\u00bb text_orientation=\u00a0\u00bbcenter\u00a0\u00bb background_layout=\u00a0\u00bbdark\u00a0\u00bb max_width=\u00a0\u00bb800px\u00a0\u00bb module_alignment=\u00a0\u00bbcenter\u00a0\u00bb min_height=\u00a0\u00bb287.9px\u00a0\u00bb custom_margin=\u00a0\u00bb|668px||||\u00a0\u00bb custom_padding=\u00a0\u00bb34px||34px||true|\u00a0\u00bb text_font_size_tablet=\u00a0\u00bb18px\u00a0\u00bb text_font_size_phone=\u00a0\u00bb\u00a0\u00bb text_font_size_last_edited=\u00a0\u00bbon|phone\u00a0\u00bb global_colors_info=\u00a0\u00bb{}\u00a0\u00bb]<\/p>\n<div><\/div>\n<div id=\"FRoRYc_7F-KGjLsPl--t-AM__13\">\n<div class=\"wDYxhc NFQFxe oHglmf xzPb7d\" data-md=\"32\">\n<div class=\"kno-mrg-si kno-mrg kno-swp\" id=\"media_result_group\" data-hveid=\"CBIQAQ\">\n<div class=\"kno-fiu kno-liu\">\n<div jsmodel=\"gpo5Gf\" data-count=\"1\" data-hveid=\"CAwQAA\">\n<div jsmodel=\"\" jscontroller=\"IkchZc\" jsaction=\"PdWSXe:h5M12e;rcuQ6b:npT2md\" jsdata=\"X2sNs;_;AQR8x4\">\n<div class=\"umyQi\" data-h=\"130\" data-nr=\"1\">\n<div style=\"text-align: justify;\">\n<p style=\"text-align: justify;\"><span style=\"font-size: 22px;\">Misez sur E.Cima et notre professionnalisme<\/span><span style=\"font-weight: 400; font-size: medium;\"><\/span><\/p>\n<p><span style=\"font-size: medium;\">E.Cima nous <strong>sommes une \u00e9quipe de plus de 120 personnes<\/strong>, travaillant quotidiennement depuis nos deux usines de production pour vous offrir le meilleur produit. <span>Nous fabriquons plus de 8 millions de m\u00e8tres de tissu par an. Nous exportons plus de 70% de notre production. Nous produisons 35 % de l&rsquo;\u00e9lectricit\u00e9 que nous utilisons avec l&rsquo;\u00e9nergie solaire, \u00e9vitant ainsi l&rsquo;\u00e9mission de 43 776 kg de CO<\/span><span>2<\/span><span>\u00e0<\/span> <span>l\u2019atmosph\u00e8re. Tu veux en savoir plus sur nous?<\/span><\/span><\/p>\n<p style=\"text-align: justify;\">\n<\/div>\n<div id=\"FRoRYc_7F-KGjLsPl--t-AM__13\">\n<div class=\"wDYxhc NFQFxe oHglmf xzPb7d\" data-md=\"32\">\n<div class=\"kno-mrg-si kno-mrg kno-swp\" id=\"media_result_group\" data-hveid=\"CBIQAQ\">\n<div class=\"kno-fiu kno-liu\">\n<div jsmodel=\"gpo5Gf\" data-count=\"1\" data-hveid=\"CAwQAA\">\n<div jsmodel=\"\" jscontroller=\"IkchZc\" jsaction=\"PdWSXe:h5M12e;rcuQ6b:npT2md\" jsdata=\"X2sNs;_;AQR8x4\">\n<div class=\"umyQi\" data-h=\"130\" data-nr=\"1\">\n<div jsname=\"dTDiAc\" class=\"eA0Zlc PZPZlf ivg-i img-kc-m GMCzAd\" data-attrid=\"image\" data-docid=\"ugaTZVz1N4NDFM\" data-lpage=\"https:\/\/www.interfuerzas.com.ar\/que-necesito-polar-o-micropolar.html\" data-ni=\"1\" jsdata=\"XZxcdf;ugaTZVz1N4NDFM;AQR8x8\" data-ved=\"2ahUKEwiP2oOi86PyAhViA2MBHZd3Cz8Qzkx6BAgNEAA\"><\/div>\n<\/div>\n<\/div>\n<\/div>\n<\/div>\n<\/div>\n<\/div>\n<\/div>\n<div jsname=\"dTDiAc\" class=\"eA0Zlc PZPZlf ivg-i img-kc-m GMCzAd\" data-attrid=\"image\" data-docid=\"ugaTZVz1N4NDFM\" data-lpage=\"https:\/\/www.interfuerzas.com.ar\/que-necesito-polar-o-micropolar.html\" data-ni=\"1\" jsdata=\"XZxcdf;ugaTZVz1N4NDFM;AQR8x8\" data-ved=\"2ahUKEwiP2oOi86PyAhViA2MBHZd3Cz8Qzkx6BAgNEAA\"><span><\/span><\/div>\n<\/div>\n<\/div>\n<\/div>\n<\/div>\n<\/div>\n<\/div>\n<\/div>\n<p>[\/et_pb_text][et_pb_button button_url=\u00a0\u00bbhttps:\/\/ecima.com\/fr\/qui-sommes-nous\/\u00a0\u00bb url_new_window=\u00a0\u00bbon\u00a0\u00bb button_text=\u00a0\u00bbContactez-nous\u00a0\u00bb button_alignment=\u00a0\u00bbcenter\u00a0\u00bb _builder_version=\u00a0\u00bb4.14.7&Prime; _module_preset=\u00a0\u00bbdefault\u00a0\u00bb global_colors_info=\u00a0\u00bb{}\u00a0\u00bb][\/et_pb_button][\/et_pb_column][\/et_pb_row][\/et_pb_section]<\/p>\n","protected":false},"excerpt":{"rendered":"<p>Nous obtenons le certificat STeP gr\u00e2ce \u00e0 notre engagement envers la durabilit\u00e9 et l&rsquo;environnement dans notre production.<\/p>\n","protected":false},"author":2,"featured_media":2156,"comment_status":"closed","ping_status":"closed","sticky":false,"template":"","format":"standard","meta":{"_et_pb_use_builder":"on","_et_pb_old_content":"","_et_gb_content_width":"","footnotes":""},"categories":[31],"tags":[108],"class_list":["post-2369","post","type-post","status-publish","format-standard","has-post-thumbnail","hentry","category-textile","tag-step-fr"],"yoast_head":"<!-- This site is optimized with the Yoast SEO plugin v27.1.1 - https:\/\/yoast.com\/product\/yoast-seo-wordpress\/ -->\n<title>Cima, et sous sa marque Eco Cima, obtient le certificat STeP - Ecima<\/title>\n<meta name=\"description\" content=\"Nous obtenons le certificat STeP gr\u00e2ce \u00e0 notre engagement envers la durabilit\u00e9 et l&#039;environnement dans notre production.\" \/>\n<meta name=\"robots\" content=\"index, follow, max-snippet:-1, max-image-preview:large, max-video-preview:-1\" \/>\n<link rel=\"canonical\" href=\"https:\/\/ecima.com\/fr\/2024\/01\/29\/cima-et-sous-sa-marque-eco-cima-obtient-le-certificat-step\/\" \/>\n<meta property=\"og:locale\" content=\"fr_FR\" \/>\n<meta property=\"og:type\" content=\"article\" \/>\n<meta property=\"og:title\" content=\"Cima, et sous sa marque Eco Cima, obtient le certificat STeP - Ecima\" \/>\n<meta property=\"og:description\" content=\"Nous obtenons le certificat STeP gr\u00e2ce \u00e0 notre engagement envers la durabilit\u00e9 et l&#039;environnement dans notre production.\" \/>\n<meta property=\"og:url\" content=\"https:\/\/ecima.com\/fr\/2024\/01\/29\/cima-et-sous-sa-marque-eco-cima-obtient-le-certificat-step\/\" \/>\n<meta property=\"og:site_name\" content=\"Ecima\" \/>\n<meta property=\"article:published_time\" content=\"2024-01-29T11:15:24+00:00\" \/>\n<meta property=\"article:modified_time\" content=\"2024-01-29T11:15:26+00:00\" \/>\n<meta property=\"og:image\" content=\"https:\/\/ecima.com\/wp-content\/uploads\/2022\/02\/STeP-ecima.jpg\" \/>\n\t<meta property=\"og:image:width\" content=\"237\" \/>\n\t<meta property=\"og:image:height\" content=\"160\" \/>\n\t<meta property=\"og:image:type\" content=\"image\/jpeg\" \/>\n<meta name=\"author\" content=\"ecima textil\" \/>\n<meta name=\"twitter:card\" content=\"summary_large_image\" \/>\n<meta name=\"twitter:label1\" content=\"\u00c9crit par\" \/>\n\t<meta name=\"twitter:data1\" content=\"ecima textil\" \/>\n\t<meta name=\"twitter:label2\" content=\"Dur\u00e9e de lecture estim\u00e9e\" \/>\n\t<meta name=\"twitter:data2\" content=\"5 minutes\" \/>\n<script type=\"application\/ld+json\" class=\"yoast-schema-graph\">{\"@context\":\"https:\/\/schema.org\",\"@graph\":[{\"@type\":\"Article\",\"@id\":\"https:\/\/ecima.com\/fr\/2024\/01\/29\/cima-et-sous-sa-marque-eco-cima-obtient-le-certificat-step\/#article\",\"isPartOf\":{\"@id\":\"https:\/\/ecima.com\/fr\/2024\/01\/29\/cima-et-sous-sa-marque-eco-cima-obtient-le-certificat-step\/\"},\"author\":{\"name\":\"ecima textil\",\"@id\":\"https:\/\/ecima.com\/fr\/#\/schema\/person\/200966ead2f5ff64a4fabfe3f035dd2e\"},\"headline\":\"Cima, et sous sa marque Eco Cima, obtient le certificat STeP\",\"datePublished\":\"2024-01-29T11:15:24+00:00\",\"dateModified\":\"2024-01-29T11:15:26+00:00\",\"mainEntityOfPage\":{\"@id\":\"https:\/\/ecima.com\/fr\/2024\/01\/29\/cima-et-sous-sa-marque-eco-cima-obtient-le-certificat-step\/\"},\"wordCount\":926,\"image\":{\"@id\":\"https:\/\/ecima.com\/fr\/2024\/01\/29\/cima-et-sous-sa-marque-eco-cima-obtient-le-certificat-step\/#primaryimage\"},\"thumbnailUrl\":\"https:\/\/ecima.com\/wp-content\/uploads\/2022\/02\/STeP-ecima.jpg\",\"keywords\":[\"STeP\"],\"articleSection\":[\"Textile\"],\"inLanguage\":\"fr-FR\"},{\"@type\":\"WebPage\",\"@id\":\"https:\/\/ecima.com\/fr\/2024\/01\/29\/cima-et-sous-sa-marque-eco-cima-obtient-le-certificat-step\/\",\"url\":\"https:\/\/ecima.com\/fr\/2024\/01\/29\/cima-et-sous-sa-marque-eco-cima-obtient-le-certificat-step\/\",\"name\":\"Cima, et sous sa marque Eco Cima, obtient le certificat STeP - Ecima\",\"isPartOf\":{\"@id\":\"https:\/\/ecima.com\/fr\/#website\"},\"primaryImageOfPage\":{\"@id\":\"https:\/\/ecima.com\/fr\/2024\/01\/29\/cima-et-sous-sa-marque-eco-cima-obtient-le-certificat-step\/#primaryimage\"},\"image\":{\"@id\":\"https:\/\/ecima.com\/fr\/2024\/01\/29\/cima-et-sous-sa-marque-eco-cima-obtient-le-certificat-step\/#primaryimage\"},\"thumbnailUrl\":\"https:\/\/ecima.com\/wp-content\/uploads\/2022\/02\/STeP-ecima.jpg\",\"datePublished\":\"2024-01-29T11:15:24+00:00\",\"dateModified\":\"2024-01-29T11:15:26+00:00\",\"author\":{\"@id\":\"https:\/\/ecima.com\/fr\/#\/schema\/person\/200966ead2f5ff64a4fabfe3f035dd2e\"},\"description\":\"Nous obtenons le certificat STeP gr\u00e2ce \u00e0 notre engagement envers la durabilit\u00e9 et l'environnement dans notre production.\",\"breadcrumb\":{\"@id\":\"https:\/\/ecima.com\/fr\/2024\/01\/29\/cima-et-sous-sa-marque-eco-cima-obtient-le-certificat-step\/#breadcrumb\"},\"inLanguage\":\"fr-FR\",\"potentialAction\":[{\"@type\":\"ReadAction\",\"target\":[\"https:\/\/ecima.com\/fr\/2024\/01\/29\/cima-et-sous-sa-marque-eco-cima-obtient-le-certificat-step\/\"]}]},{\"@type\":\"ImageObject\",\"inLanguage\":\"fr-FR\",\"@id\":\"https:\/\/ecima.com\/fr\/2024\/01\/29\/cima-et-sous-sa-marque-eco-cima-obtient-le-certificat-step\/#primaryimage\",\"url\":\"https:\/\/ecima.com\/wp-content\/uploads\/2022\/02\/STeP-ecima.jpg\",\"contentUrl\":\"https:\/\/ecima.com\/wp-content\/uploads\/2022\/02\/STeP-ecima.jpg\",\"width\":237,\"height\":160,\"caption\":\"STeP\"},{\"@type\":\"BreadcrumbList\",\"@id\":\"https:\/\/ecima.com\/fr\/2024\/01\/29\/cima-et-sous-sa-marque-eco-cima-obtient-le-certificat-step\/#breadcrumb\",\"itemListElement\":[{\"@type\":\"ListItem\",\"position\":1,\"name\":\"Inici\",\"item\":\"https:\/\/ecima.com\/fr\/debut\/\"},{\"@type\":\"ListItem\",\"position\":2,\"name\":\"Cima, et sous sa marque Eco Cima, obtient le certificat STeP\"}]},{\"@type\":\"WebSite\",\"@id\":\"https:\/\/ecima.com\/fr\/#website\",\"url\":\"https:\/\/ecima.com\/fr\/\",\"name\":\"Ecima\",\"description\":\"Tu partner en tejidos t\u00e9cnicos\",\"potentialAction\":[{\"@type\":\"SearchAction\",\"target\":{\"@type\":\"EntryPoint\",\"urlTemplate\":\"https:\/\/ecima.com\/fr\/?s={search_term_string}\"},\"query-input\":{\"@type\":\"PropertyValueSpecification\",\"valueRequired\":true,\"valueName\":\"search_term_string\"}}],\"inLanguage\":\"fr-FR\"},{\"@type\":\"Person\",\"@id\":\"https:\/\/ecima.com\/fr\/#\/schema\/person\/200966ead2f5ff64a4fabfe3f035dd2e\",\"name\":\"ecima textil\",\"image\":{\"@type\":\"ImageObject\",\"inLanguage\":\"fr-FR\",\"@id\":\"https:\/\/ecima.com\/fr\/#\/schema\/person\/image\/\",\"url\":\"https:\/\/secure.gravatar.com\/avatar\/cbeca7274af67bc119858250da08eaf1c2ebde80c6567450310fad83c92e693c?s=96&d=mm&r=g\",\"contentUrl\":\"https:\/\/secure.gravatar.com\/avatar\/cbeca7274af67bc119858250da08eaf1c2ebde80c6567450310fad83c92e693c?s=96&d=mm&r=g\",\"caption\":\"ecima textil\"},\"url\":\"https:\/\/ecima.com\/fr\/author\/sfontseca\/\"}]}<\/script>\n<!-- \/ Yoast SEO plugin. -->","yoast_head_json":{"title":"Cima, et sous sa marque Eco Cima, obtient le certificat STeP - Ecima","description":"Nous obtenons le certificat STeP gr\u00e2ce \u00e0 notre engagement envers la durabilit\u00e9 et l'environnement dans notre production.","robots":{"index":"index","follow":"follow","max-snippet":"max-snippet:-1","max-image-preview":"max-image-preview:large","max-video-preview":"max-video-preview:-1"},"canonical":"https:\/\/ecima.com\/fr\/2024\/01\/29\/cima-et-sous-sa-marque-eco-cima-obtient-le-certificat-step\/","og_locale":"fr_FR","og_type":"article","og_title":"Cima, et sous sa marque Eco Cima, obtient le certificat STeP - Ecima","og_description":"Nous obtenons le certificat STeP gr\u00e2ce \u00e0 notre engagement envers la durabilit\u00e9 et l'environnement dans notre production.","og_url":"https:\/\/ecima.com\/fr\/2024\/01\/29\/cima-et-sous-sa-marque-eco-cima-obtient-le-certificat-step\/","og_site_name":"Ecima","article_published_time":"2024-01-29T11:15:24+00:00","article_modified_time":"2024-01-29T11:15:26+00:00","og_image":[{"width":237,"height":160,"url":"https:\/\/ecima.com\/wp-content\/uploads\/2022\/02\/STeP-ecima.jpg","type":"image\/jpeg"}],"author":"ecima textil","twitter_card":"summary_large_image","twitter_misc":{"\u00c9crit par":"ecima textil","Dur\u00e9e de lecture estim\u00e9e":"5 minutes"},"schema":{"@context":"https:\/\/schema.org","@graph":[{"@type":"Article","@id":"https:\/\/ecima.com\/fr\/2024\/01\/29\/cima-et-sous-sa-marque-eco-cima-obtient-le-certificat-step\/#article","isPartOf":{"@id":"https:\/\/ecima.com\/fr\/2024\/01\/29\/cima-et-sous-sa-marque-eco-cima-obtient-le-certificat-step\/"},"author":{"name":"ecima textil","@id":"https:\/\/ecima.com\/fr\/#\/schema\/person\/200966ead2f5ff64a4fabfe3f035dd2e"},"headline":"Cima, et sous sa marque Eco Cima, obtient le certificat STeP","datePublished":"2024-01-29T11:15:24+00:00","dateModified":"2024-01-29T11:15:26+00:00","mainEntityOfPage":{"@id":"https:\/\/ecima.com\/fr\/2024\/01\/29\/cima-et-sous-sa-marque-eco-cima-obtient-le-certificat-step\/"},"wordCount":926,"image":{"@id":"https:\/\/ecima.com\/fr\/2024\/01\/29\/cima-et-sous-sa-marque-eco-cima-obtient-le-certificat-step\/#primaryimage"},"thumbnailUrl":"https:\/\/ecima.com\/wp-content\/uploads\/2022\/02\/STeP-ecima.jpg","keywords":["STeP"],"articleSection":["Textile"],"inLanguage":"fr-FR"},{"@type":"WebPage","@id":"https:\/\/ecima.com\/fr\/2024\/01\/29\/cima-et-sous-sa-marque-eco-cima-obtient-le-certificat-step\/","url":"https:\/\/ecima.com\/fr\/2024\/01\/29\/cima-et-sous-sa-marque-eco-cima-obtient-le-certificat-step\/","name":"Cima, et sous sa marque Eco Cima, obtient le certificat STeP - Ecima","isPartOf":{"@id":"https:\/\/ecima.com\/fr\/#website"},"primaryImageOfPage":{"@id":"https:\/\/ecima.com\/fr\/2024\/01\/29\/cima-et-sous-sa-marque-eco-cima-obtient-le-certificat-step\/#primaryimage"},"image":{"@id":"https:\/\/ecima.com\/fr\/2024\/01\/29\/cima-et-sous-sa-marque-eco-cima-obtient-le-certificat-step\/#primaryimage"},"thumbnailUrl":"https:\/\/ecima.com\/wp-content\/uploads\/2022\/02\/STeP-ecima.jpg","datePublished":"2024-01-29T11:15:24+00:00","dateModified":"2024-01-29T11:15:26+00:00","author":{"@id":"https:\/\/ecima.com\/fr\/#\/schema\/person\/200966ead2f5ff64a4fabfe3f035dd2e"},"description":"Nous obtenons le certificat STeP gr\u00e2ce \u00e0 notre engagement envers la durabilit\u00e9 et l'environnement dans notre production.","breadcrumb":{"@id":"https:\/\/ecima.com\/fr\/2024\/01\/29\/cima-et-sous-sa-marque-eco-cima-obtient-le-certificat-step\/#breadcrumb"},"inLanguage":"fr-FR","potentialAction":[{"@type":"ReadAction","target":["https:\/\/ecima.com\/fr\/2024\/01\/29\/cima-et-sous-sa-marque-eco-cima-obtient-le-certificat-step\/"]}]},{"@type":"ImageObject","inLanguage":"fr-FR","@id":"https:\/\/ecima.com\/fr\/2024\/01\/29\/cima-et-sous-sa-marque-eco-cima-obtient-le-certificat-step\/#primaryimage","url":"https:\/\/ecima.com\/wp-content\/uploads\/2022\/02\/STeP-ecima.jpg","contentUrl":"https:\/\/ecima.com\/wp-content\/uploads\/2022\/02\/STeP-ecima.jpg","width":237,"height":160,"caption":"STeP"},{"@type":"BreadcrumbList","@id":"https:\/\/ecima.com\/fr\/2024\/01\/29\/cima-et-sous-sa-marque-eco-cima-obtient-le-certificat-step\/#breadcrumb","itemListElement":[{"@type":"ListItem","position":1,"name":"Inici","item":"https:\/\/ecima.com\/fr\/debut\/"},{"@type":"ListItem","position":2,"name":"Cima, et sous sa marque Eco Cima, obtient le certificat STeP"}]},{"@type":"WebSite","@id":"https:\/\/ecima.com\/fr\/#website","url":"https:\/\/ecima.com\/fr\/","name":"Ecima","description":"Tu partner en tejidos t\u00e9cnicos","potentialAction":[{"@type":"SearchAction","target":{"@type":"EntryPoint","urlTemplate":"https:\/\/ecima.com\/fr\/?s={search_term_string}"},"query-input":{"@type":"PropertyValueSpecification","valueRequired":true,"valueName":"search_term_string"}}],"inLanguage":"fr-FR"},{"@type":"Person","@id":"https:\/\/ecima.com\/fr\/#\/schema\/person\/200966ead2f5ff64a4fabfe3f035dd2e","name":"ecima textil","image":{"@type":"ImageObject","inLanguage":"fr-FR","@id":"https:\/\/ecima.com\/fr\/#\/schema\/person\/image\/","url":"https:\/\/secure.gravatar.com\/avatar\/cbeca7274af67bc119858250da08eaf1c2ebde80c6567450310fad83c92e693c?s=96&d=mm&r=g","contentUrl":"https:\/\/secure.gravatar.com\/avatar\/cbeca7274af67bc119858250da08eaf1c2ebde80c6567450310fad83c92e693c?s=96&d=mm&r=g","caption":"ecima textil"},"url":"https:\/\/ecima.com\/fr\/author\/sfontseca\/"}]}},"_links":{"self":[{"href":"https:\/\/ecima.com\/fr\/wp-json\/wp\/v2\/posts\/2369","targetHints":{"allow":["GET"]}}],"collection":[{"href":"https:\/\/ecima.com\/fr\/wp-json\/wp\/v2\/posts"}],"about":[{"href":"https:\/\/ecima.com\/fr\/wp-json\/wp\/v2\/types\/post"}],"author":[{"embeddable":true,"href":"https:\/\/ecima.com\/fr\/wp-json\/wp\/v2\/users\/2"}],"replies":[{"embeddable":true,"href":"https:\/\/ecima.com\/fr\/wp-json\/wp\/v2\/comments?post=2369"}],"version-history":[{"count":5,"href":"https:\/\/ecima.com\/fr\/wp-json\/wp\/v2\/posts\/2369\/revisions"}],"predecessor-version":[{"id":2374,"href":"https:\/\/ecima.com\/fr\/wp-json\/wp\/v2\/posts\/2369\/revisions\/2374"}],"wp:featuredmedia":[{"embeddable":true,"href":"https:\/\/ecima.com\/fr\/wp-json\/wp\/v2\/media\/2156"}],"wp:attachment":[{"href":"https:\/\/ecima.com\/fr\/wp-json\/wp\/v2\/media?parent=2369"}],"wp:term":[{"taxonomy":"category","embeddable":true,"href":"https:\/\/ecima.com\/fr\/wp-json\/wp\/v2\/categories?post=2369"},{"taxonomy":"post_tag","embeddable":true,"href":"https:\/\/ecima.com\/fr\/wp-json\/wp\/v2\/tags?post=2369"}],"curies":[{"name":"wp","href":"https:\/\/api.w.org\/{rel}","templated":true}]}}